{"id":1487,"date":"2026-09-01T11:17:01","date_gmt":"2026-09-01T11:17:01","guid":{"rendered":"https:\/\/raquelparis.com\/?p=1487"},"modified":"2026-09-01T14:06:20","modified_gmt":"2026-09-01T14:06:20","slug":"que-es-el-sibo","status":"publish","type":"post","link":"https:\/\/raquelparis.com\/ca\/que-es-el-sibo\/","title":{"rendered":"Qu\u00e8 \u00e9s el SIBO? Causes, tipus i tractament integratiu des de la nutrici\u00f3"},"content":{"rendered":"<p class=\"wp-block-paragraph\">El SIBO (Sobrecrecimiento bacteriano del intestino delgado) es uno de los <strong>problemes digestius<\/strong> m\u00e1s frecuentes y, a la vez, m\u00e1s incomprendidos. Muchas personas conviven durante a\u00f1os con hinchaz\u00f3n, gases, dolor abdominal o intolerancias sin saber que el origen puede estar en un desequilibrio profundo del sistema digestivo.<\/p>\n\n\n\n<p class=\"wp-block-paragraph\">Entendre <strong>qu\u00e9 es el SIBO<\/strong>, por qu\u00e9 aparece y c\u00f3mo tratarlo desde la ra\u00edz es clave para mejorar de forma real y sostenible.<\/p>\n\n\n\n<div style=\"height:44px\" aria-hidden=\"true\" class=\"wp-block-spacer\"><\/div>\n\n\n\n<h2 class=\"wp-block-heading\"><strong>Qu\u00e8 \u00e9s el SIBO?<\/strong><\/h2>\n\n\n\n<p class=\"wp-block-paragraph\">El SIBO ocurre cuando bacterias que deber\u00edan vivir en el colon proliferan en exceso en el intestino delgado.<\/p>\n\n\n\n<p class=\"wp-block-paragraph\">Este sobrecrecimiento interfiere en la digesti\u00f3n y la absorci\u00f3n de nutrientes y provoca s\u00edntomas como:<\/p>\n\n\n\n<p class=\"wp-block-paragraph\">\u2022 Hinchaz\u00f3n abdominal (a menudo inmediata tras comer)<\/p>\n\n\n\n<p class=\"wp-block-paragraph\">\u2022 Gases excesivos<\/p>\n\n\n\n<p class=\"wp-block-paragraph\">\u2022 Diarrea, estre\u00f1imiento o alternancia<\/p>\n\n\n\n<p class=\"wp-block-paragraph\">\u2022 Dolor abdominal<\/p>\n\n\n\n<p class=\"wp-block-paragraph\">\u2022 Reflujo, n\u00e1useas o pesadez<\/p>\n\n\n\n<p class=\"wp-block-paragraph\">\u2022 Fatiga, niebla mental o d\u00e9ficit nutricionales<\/p>\n\n\n\n<p class=\"wp-block-paragraph\">El SIBO no es solo un problema de bacterias: es un <strong>fallo del ecosistema<\/strong> <strong>digestivo en su conjunto<\/strong>.<\/p>\n\n\n\n<div style=\"height:47px\" aria-hidden=\"true\" class=\"wp-block-spacer\"><\/div>\n\n\n\n<h2 class=\"wp-block-heading\"><strong>Tipos de SIBO: no todos son iguales<\/strong><\/h2>\n\n\n\n<p class=\"wp-block-paragraph\">No todos los SIBO se manifiestan igual, ni se tratan de la misma manera. Identificar el tipo es fundamental para un <strong>tratamiento del SIBO<\/strong> eficaz.<\/p>\n\n\n\n<h3 class=\"wp-block-heading\"><strong>SIBO de hidr\u00f3geno<\/strong><\/h3>\n\n\n\n<p class=\"wp-block-paragraph\">Suele asociarse a:<\/p>\n\n\n\n<p class=\"wp-block-paragraph\">\u2022 Diarrea<\/p>\n\n\n\n<p class=\"wp-block-paragraph\">\u2022 Hinchaz\u00f3n intensa<\/p>\n\n\n\n<p class=\"wp-block-paragraph\">\u2022 Dolor abdominal<\/p>\n\n\n\n<p class=\"wp-block-paragraph\">Las bacterias producen hidr\u00f3geno al fermentar los carbohidratos, generando gases y malestar.<\/p>\n\n\n\n<h3 class=\"wp-block-heading\"><strong>SIBO de metano (IMO)<\/strong><\/h3>\n\n\n\n<p class=\"wp-block-paragraph\">Relacionado con:<\/p>\n\n\n\n<p class=\"wp-block-paragraph\">\u2022 Estre\u00f1imiento<\/p>\n\n\n\n<p class=\"wp-block-paragraph\">\u2022 Digestiones muy lentas<\/p>\n\n\n\n<p class=\"wp-block-paragraph\">\u2022 Sensaci\u00f3n de pesadez constante<\/p>\n\n\n\n<p class=\"wp-block-paragraph\">En este caso predominan arqueas productoras de metano, que enlentecen el tr\u00e1nsito intestinal.<strong>SIBO de sulfuro de hidr\u00f3geno<\/strong><\/p>\n\n\n\n<p class=\"wp-block-paragraph\">M\u00e1s dif\u00edcil de detectar y a menudo infradiagnosticado. Puede provocar:<\/p>\n\n\n\n<p class=\"wp-block-paragraph\">\u2022 Diarrea con olor fuerte<\/p>\n\n\n\n<p class=\"wp-block-paragraph\">\u2022 Gases muy malolientes<\/p>\n\n\n\n<p class=\"wp-block-paragraph\">\u2022 Dolor y sensaci\u00f3n de toxicidad<\/p>\n\n\n\n<p class=\"wp-block-paragraph\">Cada tipo requiere <strong>estrategias nutricionales y fitoterap\u00e9uticas diferentes<\/strong>.<\/p>\n\n\n\n<div style=\"height:48px\" aria-hidden=\"true\" class=\"wp-block-spacer\"><\/div>\n\n\n\n<h3 class=\"wp-block-heading\"><strong>\u00bfPor qu\u00e9 aparece el SIBO? Principales causas<\/strong><\/h3>\n\n\n\n<p class=\"wp-block-paragraph\">El SIBO no aparece de la nada. Suele ser la consecuencia de una suma de factores:<\/p>\n\n\n\n<p class=\"wp-block-paragraph\"><strong>\u25aa Alteraci\u00f3n de la microbiota intestinal<\/strong><\/p>\n\n\n\n<p class=\"wp-block-paragraph\">Tras infecciones, uso de antibi\u00f3ticos, dietas restrictivas o estr\u00e9s prolongado.<\/p>\n\n\n\n<p class=\"wp-block-paragraph\"><strong>\u25aa<\/strong> <strong>Da\u00f1o de la mucosa intestinal<\/strong><\/p>\n\n\n\n<p class=\"wp-block-paragraph\">Una mucosa inflamada o permeable pierde su capacidad de defensa y regulaci\u00f3n.<\/p>\n\n\n\n<p class=\"wp-block-paragraph\"><strong>\u25aa<\/strong> <strong>D\u00e9ficit de \u00e1cido g\u00e1strico<\/strong><\/p>\n\n\n\n<p class=\"wp-block-paragraph\">El \u00e1cido del est\u00f3mago act\u00faa como barrera frente a bacterias. Cuando es bajo, estas pasan al intestino delgado.<\/p>\n\n\n\n<p class=\"wp-block-paragraph\"><strong>\u25aa<\/strong> <strong>Alteraci\u00f3n del complejo motor migratorio (MMC)<\/strong><\/p>\n\n\n\n<p class=\"wp-block-paragraph\">Este \u201csistema de limpieza\u201d intestinal depende en gran parte del sistema nervioso.<\/p>\n\n\n\n<p class=\"wp-block-paragraph\"><strong>\u25aa<\/strong> <strong>Estr\u00e9s cr\u00f3nico y disfunci\u00f3n del sistema nervioso<\/strong><\/p>\n\n\n\n<p class=\"wp-block-paragraph\">El intestino y el cerebro est\u00e1n profundamente conectados. El estr\u00e9s mantenido altera la motilidad y la digesti\u00f3n.<\/p>\n\n\n\n<p class=\"wp-block-paragraph\">Por eso, el SIBO debe entenderse como un <strong>problema digestivo multifactorial<\/strong>, no aislado.<\/p>\n\n\n\n<div style=\"height:50px\" aria-hidden=\"true\" class=\"wp-block-spacer\"><\/div>\n\n\n\n<h3 class=\"wp-block-heading\"><strong>Tratamiento natural del SIBO: una visi\u00f3n integrativa<\/strong><\/h3>\n\n\n\n<p class=\"wp-block-paragraph\">L' <strong>tratamiento natural del SIBO<\/strong> no consiste solo en \u201celiminar bacterias\u201d. Si no se trabaja el terreno digestivo, las reca\u00eddas son habituales.<\/p>\n\n\n\n<p class=\"wp-block-paragraph\">Un abordaje integrativo tiene en cuenta:<\/p>\n\n\n\n<p class=\"wp-block-paragraph\"><strong>El sistema nervioso<\/strong><\/p>\n\n\n\n<p class=\"wp-block-paragraph\">Sin regulaci\u00f3n del estr\u00e9s y del eje intestino-cerebro, la recuperaci\u00f3n es incompleta.<\/p>\n\n\n\n<p class=\"wp-block-paragraph\"><strong>La mucosa intestinal<\/strong><\/p>\n\n\n\n<p class=\"wp-block-paragraph\">Reducir inflamaci\u00f3n y favorecer la regeneraci\u00f3n es clave para la tolerancia digestiva.<\/p>\n\n\n\n<p class=\"wp-block-paragraph\"><strong>El tr\u00e1nsito intestinal.<\/strong><\/p>\n\n\n\n<p class=\"wp-block-paragraph\">Reactivar los movimientos naturales de nuestro intestino es clave para asegurar una recuperaci\u00f3n completa.<\/p>\n\n\n\n<p class=\"wp-block-paragraph\"><strong>La microbiota<\/strong><\/p>\n\n\n\n<p class=\"wp-block-paragraph\">No buscamos esterilizar el intestino, sino <strong>equilibrarlo<\/strong>.<\/p>\n\n\n\n<p class=\"wp-block-paragraph\"><strong>La digesti\u00f3n y los \u00e1cidos g\u00e1stricos<\/strong><\/p>\n\n\n\n<p class=\"wp-block-paragraph\">Una buena digesti\u00f3n previene nuevos sobrecrecimientos. <strong>Dieta para el SIBO: personalizada y respetuosa<\/strong><\/p>\n\n\n\n<p class=\"wp-block-paragraph\">La <strong>dieta para el SIBO<\/strong> no deber\u00eda ser r\u00edgida ni eterna. Cada persona tiene tolerancias distintas y diferentes fases dentro del proceso.<\/p>\n\n\n\n<p class=\"wp-block-paragraph\">El objetivo es:<\/p>\n\n\n\n<p class=\"wp-block-paragraph\">\u2022 Reducir s\u00edntomas sin generar miedo a la comida<\/p>\n\n\n\n<p class=\"wp-block-paragraph\">\u2022 Evitar dietas excesivamente restrictivas<\/p>\n\n\n\n<p class=\"wp-block-paragraph\">\u2022 Reintroducir alimentos progresivamente<\/p>\n\n\n\n<p class=\"wp-block-paragraph\">\u2022 Asegurar energ\u00eda y nutrientes<\/p>\n\n\n\n<p class=\"wp-block-paragraph\">La alimentaci\u00f3n es una herramienta terap\u00e9utica, no un castigo.<\/p>\n\n\n\n<div style=\"height:39px\" aria-hidden=\"true\" class=\"wp-block-spacer\"><\/div>\n\n\n\n<h2 class=\"wp-block-heading\"><strong>\u00bfC\u00f3mo puedo ayudarte como nutricionista integrativa<\/strong> <strong>especializada en SIBO (PNIe)?<\/strong><\/h2>\n\n\n\n<p class=\"wp-block-paragraph\">Com a <strong>nutricionista especializada en SIBO<\/strong> y formada en <strong>PNIe<\/strong>, trabajo desde una mirada global y profundamente individualizada.<\/p>\n\n\n\n<p class=\"wp-block-paragraph\">Mi acompa\u00f1amiento incluye:<\/p>\n\n\n\n<p class=\"wp-block-paragraph\">\u2022 Valoraci\u00f3n completa de tu caso y de tus s\u00edntomas<\/p>\n\n\n\n<p class=\"wp-block-paragraph\">\u2022 <strong>Plan nutricional personalizado<\/strong>, adaptado a tu tipo de SIBO<\/p>\n\n\n\n<p class=\"wp-block-paragraph\">\u2022 <strong>Fitoter\u00e0pia<\/strong> para modular el sobrecrecimiento bacteriano de forma respetuosa con el cuerpo<\/p>\n\n\n\n<p class=\"wp-block-paragraph\">\u2022 Reparaci\u00f3n de la mucosa y apoyo a la microbiota<\/p>\n\n\n\n<p class=\"wp-block-paragraph\">\u2022 Trabajo sobre el sistema nervioso y el estr\u00e9s<\/p>\n\n\n\n<p class=\"wp-block-paragraph\">\u2022 Acompa\u00f1amiento continuado y ajustes seg\u00fan tu evoluci\u00f3n<\/p>\n\n\n\n<p class=\"wp-block-paragraph\">No trabajo con protocolos r\u00edgidos, sino contigo como persona.<\/p>\n\n\n\n<div style=\"height:46px\" aria-hidden=\"true\" class=\"wp-block-spacer\"><\/div>\n\n\n\n<h3 class=\"wp-block-heading\"><strong>\u00bfCu\u00e1ndo acudir a un especialista en SIBO?<\/strong><\/h3>\n\n\n\n<p class=\"wp-block-paragraph\">Si llevas tiempo con hinchaz\u00f3n, gases, intolerancias, digestiones pesadas o has probado distintos tratamientos sin \u00e9xito, trabajar con un <strong>especialista en SIBO<\/strong> puede marcar un antes y un despu\u00e9s.<\/p>\n\n\n\n<p class=\"wp-block-paragraph\"><strong>Empieza tu tratamiento del SIBO con acompa\u00f1amiento<\/strong> <strong>profesional<\/strong><\/p>\n\n\n\n<p class=\"wp-block-paragraph\">Si busques un <strong>tratamiento del SIBO<\/strong> desde la nutrici\u00f3n, la PNIe y la fitoterapia, con una mirada respetuosa y profunda, puedo acompa\u00f1arte en este proceso.<\/p>\n\n\n\n<p class=\"wp-block-paragraph\">\ud83d\udc49 <strong>Reserva la teva primera sessi\u00f3 online<\/strong> y empieza a tratar tu digesti\u00f3n desde la ra\u00edz.<\/p>\n\n\n\n<p class=\"wp-block-paragraph\"><strong><a href=\"https:\/\/raquelparis.com\/ca\/contacte\/\">Demanar cita<\/a><\/strong><\/p>\n\n\n\n<p class=\"wp-block-paragraph\"><\/p>","protected":false},"excerpt":{"rendered":"<p>El SIBO (Sobrecrecimiento bacteriano del intestino delgado) es uno de los problemas digestivos m\u00e1s frecuentes y, a la vez, m\u00e1s incomprendidos. Muchas personas conviven durante a\u00f1os con hinchaz\u00f3n, gases, dolor abdominal o intolerancias sin saber que el origen puede estar en un desequilibrio profundo del sistema digestivo. Entender qu\u00e9 es el SIBO, por qu\u00e9 aparece &#8230; <a title=\"Qu\u00e8 \u00e9s el SIBO? Causes, tipus i tractament integratiu des de la nutrici\u00f3\" class=\"read-more\" href=\"https:\/\/raquelparis.com\/ca\/que-es-el-sibo\/\" aria-label=\"M\u00e9s informaci\u00f3 sobre \u00bfQu\u00e9 es el SIBO? Causas, tipos y tratamiento integrativo desde la nutrici\u00f3n\">Llegeix m\u00e9s<\/a><\/p>","protected":false},"author":2,"featured_media":1133,"comment_status":"open","ping_status":"open","sticky":false,"template":"","format":"standard","meta":{"_wp_convertkit_post_meta":{"form":"-1","landing_page":"0","tag":"0","restrict_content":"0"},"footnotes":""},"categories":[1],"tags":[],"class_list":["post-1487","post","type-post","status-publish","format-standard","has-post-thumbnail","hentry","category-uncategorized"],"_links":{"self":[{"href":"https:\/\/raquelparis.com\/ca\/wp-json\/wp\/v2\/posts\/1487","targetHints":{"allow":["GET"]}}],"collection":[{"href":"https:\/\/raquelparis.com\/ca\/wp-json\/wp\/v2\/posts"}],"about":[{"href":"https:\/\/raquelparis.com\/ca\/wp-json\/wp\/v2\/types\/post"}],"author":[{"embeddable":true,"href":"https:\/\/raquelparis.com\/ca\/wp-json\/wp\/v2\/users\/2"}],"replies":[{"embeddable":true,"href":"https:\/\/raquelparis.com\/ca\/wp-json\/wp\/v2\/comments?post=1487"}],"version-history":[{"count":5,"href":"https:\/\/raquelparis.com\/ca\/wp-json\/wp\/v2\/posts\/1487\/revisions"}],"predecessor-version":[{"id":1512,"href":"https:\/\/raquelparis.com\/ca\/wp-json\/wp\/v2\/posts\/1487\/revisions\/1512"}],"wp:featuredmedia":[{"embeddable":true,"href":"https:\/\/raquelparis.com\/ca\/wp-json\/wp\/v2\/media\/1133"}],"wp:attachment":[{"href":"https:\/\/raquelparis.com\/ca\/wp-json\/wp\/v2\/media?parent=1487"}],"wp:term":[{"taxonomy":"category","embeddable":true,"href":"https:\/\/raquelparis.com\/ca\/wp-json\/wp\/v2\/categories?post=1487"},{"taxonomy":"post_tag","embeddable":true,"href":"https:\/\/raquelparis.com\/ca\/wp-json\/wp\/v2\/tags?post=1487"}],"curies":[{"name":"wp","href":"https:\/\/api.w.org\/{rel}","templated":true}]}}